{"id":78,"date":"2021-09-22T23:22:29","date_gmt":"2021-09-22T20:22:29","guid":{"rendered":"https:\/\/www.huseyinsinan.com\/blog\/?p=78"},"modified":"2021-09-22T23:25:33","modified_gmt":"2021-09-22T20:25:33","slug":"tup-mide-ameliyatindan-sonra-tekrar-kilo-alir-miyim","status":"publish","type":"post","link":"https:\/\/www.huseyinsinan.com\/blog\/2021\/09\/22\/tup-mide-ameliyatindan-sonra-tekrar-kilo-alir-miyim\/","title":{"rendered":"T\u00fcp Mide Ameliyat\u0131ndan Sonra Tekrar Kilo Al\u0131r M\u0131y\u0131m?"},"content":{"rendered":"\n<p>\u0130sterseniz \u00f6ncelikle \u201c<strong><a href=\"https:\/\/www.huseyinsinan.com\/hizmetler\/obeziteameliyati\" target=\"_blank\" rel=\"noreferrer noopener\">t\u00fcp mide ameliyat\u0131 nedir?<\/a><\/strong>&#8221; ya da &#8221;<strong><a href=\"https:\/\/www.huseyinsinan.com\/hizmetler\/obeziteameliyati\" target=\"_blank\" rel=\"noreferrer noopener\">mide k\u00fc\u00e7\u00fcltme ameliyat\u0131 nedir?<\/a><\/strong>\u201d sorusunun cevab\u0131yla ba\u015flayal\u0131m. Ameliyat s\u0131ras\u0131nda midenin i\u00e7ine bir t\u00fcp g\u00f6ndeririz. Bu t\u00fcp sayesinde hem midenin i\u00e7ini bo\u015falt\u0131r\u0131z, hem de onun kenar\u0131ndan mideyi kesme i\u015flemini ba\u015flat\u0131r\u0131z. Yakla\u015f\u0131k midenin 2\/3\u2019\u00fcn\u00fc al\u0131r\u0131z ve bundan dolay\u0131 t\u00fcp mide ameliyat\u0131 olarak isimlendiririz. Veya ameliyat sonras\u0131nda midenin \u015fekli, i\u00e7ine g\u00f6nderilen t\u00fcp gibi oldu\u011fu i\u00e7in t\u00fcp mide ameliyat\u0131 olarak adland\u0131r\u0131r\u0131z.&nbsp;<\/p>\n\n\n\n<h2 class=\"wp-block-heading\"><strong>T\u00fcp mide ameliyat\u0131 ne kadar s\u00fcrer?<\/strong><\/h2>\n\n\n\n<p>Ameliyat ba\u015flang\u0131c\u0131ndan itibaren mide kesilmesi ve fazlas\u0131n\u0131n \u00e7\u0131kar\u0131lmas\u0131 bir engel olmazsa genellikle 15 dakika s\u00fcrer. Kesilen mide b\u00f6l\u00fcm\u00fcn\u00fcn \u00fczerinin ikinci bir diki\u015fle kapat\u0131lmas\u0131 ise 10 dakika s\u00fcrer. K\u0131sacas\u0131 ameliyat\u0131n s\u00fcresi 30 dakika civar\u0131ndad\u0131r. Ancak hastan\u0131n ameliyathaneye gitmesi, ameliyata haz\u0131rlanmas\u0131 ve ameliyat bittikten sonra ay\u0131lma s\u00fcreci bu s\u00fcreye dahil de\u011fildir.&nbsp;<\/p>\n\n\n\n<h2 class=\"wp-block-heading\">T\u00fcp mide ameliyat\u0131 sonras\u0131 nas\u0131l ge\u00e7er?<\/h2>\n\n\n\n<p>Ameliyattan iki saat sonra hastalar\u0131m\u0131za su i\u00e7iriyoruz, 4 saat sonra ise y\u00fcr\u00fct\u00fcyoruz. 2 g\u00fcn hastanede kal\u0131\u015f s\u00fcrecinin ard\u0131ndan taburcu ediyoruz. \u0130\u015fe d\u00f6n\u00fc\u015f s\u00fcresi genellikle 7-10 g\u00fcnd\u00fcr.<\/p>\n\n\n\n<p>\u201c<strong><a href=\"https:\/\/www.huseyinsinan.com\/hizmetler\/obeziteameliyati\">Obezite cerrahisi <\/a>sonras\u0131 beslenme nas\u0131l olur<\/strong>?\u201d sorusunu soran hastalar\u0131m\u0131z\u0131 \u015f\u00f6yle yan\u0131tl\u0131yoruz: Hastan\u0131n taburcu olmas\u0131ndan sonra 3 hafta s\u00fcreyle s\u0131v\u0131 ve yumu\u015fak g\u0131dalarla beslenmeye devam ediyoruz. Sonras\u0131nda ise yar\u0131 kat\u0131 ve devam\u0131nda kat\u0131 g\u0131dalara ba\u015fl\u0131yoruz. T\u00fcm bu s\u00fcreci y\u00f6neten, y\u0131llarca obezite ve metabolik cerrahi hastalar\u0131na dan\u0131\u015fmanl\u0131k yapan diyetisyenimiz mevcuttur.<\/p>\n\n\n\n<p>\u201c<strong>Mide k\u00fc\u00e7\u00fcltme ameliyat\u0131 fiyatlar\u0131 nas\u0131ld\u0131r<\/strong>?\u201d \u015feklinde soru soran hastalar\u0131m\u0131z olmaktad\u0131r. Bu hastalar\u0131m\u0131za \u015funu ifade etmeliyiz ki: Rekabet piyasas\u0131 kurallar\u0131 gere\u011fi sosyal medyada fiyatland\u0131rma konu\u015fmak yasaklanm\u0131\u015ft\u0131r. L\u00fctfen 0 501 347 50 50 numaral\u0131 hatt\u0131m\u0131z\u0131 arayarak fiyat konusunda bilgi alabilirsiniz.&nbsp;<\/p>\n\n\n\n<p>\u201c<strong>T\u00fcp mide ameliyat\u0131 sonras\u0131 tekrar kilo al\u0131n\u0131r m\u0131<\/strong>?\u201d sorusu yine bize \u00e7ok s\u0131kl\u0131kla sorulmaktad\u0131r. \u0130lk bir y\u0131ll\u0131k d\u00f6nemde hastalar\u0131m\u0131z g\u00fczel kilo verirler. \u0130deal kilolar\u0131na ula\u015f\u0131rlar. Ancak sonras\u0131nda dikkat da\u011f\u0131l\u0131r ve hastalar\u0131m\u0131z her istedi\u011fini yemeye ba\u015flad\u0131klar\u0131nda mide k\u00fc\u00e7\u00fcltme ameliyat\u0131 sonras\u0131nda tekrar kilo almak m\u00fcmk\u00fcnd\u00fcr.&nbsp;<\/p>\n\n\n\n<p>&#8221;<strong>Ameliyat sonras\u0131 kilo verememe m\u00fcmk\u00fcn m\u00fcd\u00fcr<\/strong>?&#8221; sorusu kafas\u0131na tak\u0131lanlara \u015funu hat\u0131rlatmak yerinde olur: Mide k\u00fc\u00e7\u00fcltme ameliyat\u0131 ya da t\u00fcp mide ameliyat\u0131, mide i\u00e7ine g\u0131da girmesini k\u0131s\u0131tlayan bir ameliyat t\u00fcr\u00fcd\u00fcr. Emilim bozuklu\u011fu olu\u015fturmaz. Mutlaka ameliyat sonras\u0131nda kilo verirsiniz ancak bir s\u00fcre sonra kilo vermeniz duracakt\u0131r. <\/p>\n\n\n\n<p>Bu konuda ayr\u0131nt\u0131l\u0131 bilgi i\u00e7in l\u00fctfen<\/p>\n\n\n\n<p>0 501 347 50 50 numaral\u0131 hatt\u0131m\u0131z\u0131 arayabilir<\/p>\n\n\n\n<p> <strong><a href=\"http:\/\/www.huseyinsinan.com\" target=\"_blank\" rel=\"noreferrer noopener\">www.h\u00fcseyinsinan.com<\/a><\/strong> adresinden <a href=\"https:\/\/www.huseyinsinan.com\/kurumsal\/hakkimizda\">ileti\u015fime<\/a> ge\u00e7ebilirsiniz.<\/p>\n\n\n\n<p>Bizi<a href=\"https:\/\/www.facebook.com\/profdrhuseyinsinan\/\" target=\"_blank\" rel=\"noreferrer noopener\"> Facebook<\/a> ve <a href=\"https:\/\/www.instagram.com\/profdrhuseyinsinan\/\">Instagramdan<\/a> takip edebilirsiniz!<\/p>\n\n\n\n<p>Sa\u011fl\u0131kl\u0131 g\u00fcnler dileriz.<\/p>\n","protected":false},"excerpt":{"rendered":"<p>\u0130sterseniz \u00f6ncelikle \u201ct\u00fcp mide ameliyat\u0131 nedir?&#8221; ya da &#8221;mide k\u00fc\u00e7\u00fcltme ameliyat\u0131 nedir?\u201d sorusunun cevab\u0131yla ba\u015flayal\u0131m. Ameliyat s\u0131ras\u0131nda midenin i\u00e7ine bir t\u00fcp g\u00f6ndeririz. Bu t\u00fcp sayesinde &hellip; <\/p>\n","protected":false},"author":1,"featured_media":79,"comment_status":"open","ping_status":"open","sticky":false,"template":"","format":"standard","meta":{"footnotes":""},"categories":[4,5,1,3],"tags":[35,10,18,36,33,37],"class_list":["post-78","post","type-post","status-publish","format-standard","has-post-thumbnail","hentry","category-bariatrik-cerrahi","category-beslenme-ve-diyet","category-genel","category-metabolik-cerrahi","tag-huseyin-sinan","tag-obezite","tag-tup-mide-2","tag-tup-mide-ameliyati-sonrasi-2","tag-tup-mide-ameliyati-sonrasi","tag-tup-mide-fiyati"],"yoast_head":"<!-- This site is optimized with the Yoast SEO plugin v24.9 - https:\/\/yoast.com\/wordpress\/plugins\/seo\/ -->\n<title>T\u00fcp Mide Ameliyat\u0131ndan Sonra Tekrar Kilo Al\u0131r M\u0131y\u0131m?<\/title>\n<meta name=\"description\" content=\"T\u00fcp mide ameliyat\u0131 sonras\u0131 tekrar kilo al\u0131n\u0131r m\u0131\u201d sorusu yine bize \u00e7ok s\u0131kl\u0131kla sorulmaktad\u0131r. \u0130lk bir y\u0131ll\u0131k d\u00f6nemde hastalar\u0131m\u0131z...\" \/>\n<meta name=\"robots\" content=\"index, follow, max-snippet:-1, max-image-preview:large, max-video-preview:-1\" \/>\n<link rel=\"canonical\" href=\"https:\/\/www.huseyinsinan.com\/blog\/2021\/09\/22\/tup-mide-ameliyatindan-sonra-tekrar-kilo-alir-miyim\/\" \/>\n<meta property=\"og:locale\" content=\"tr_TR\" \/>\n<meta property=\"og:type\" content=\"article\" \/>\n<meta property=\"og:title\" content=\"T\u00fcp Mide Ameliyat\u0131ndan Sonra Tekrar Kilo Al\u0131r M\u0131y\u0131m?\" \/>\n<meta property=\"og:description\" content=\"Bu t\u00fcp sayesinde hem midenin i\u00e7ini bo\u015falt\u0131r\u0131z, hem de onun kenar\u0131ndan mideyi kesme i\u015flemini ba\u015flat\u0131r\u0131z. Yakla\u015f\u0131k midenin 2\/3\u2019\u00fcn\u00fc al\u0131r\u0131z...\" \/>\n<meta property=\"og:url\" content=\"https:\/\/www.huseyinsinan.com\/blog\/2021\/09\/22\/tup-mide-ameliyatindan-sonra-tekrar-kilo-alir-miyim\/\" \/>\n<meta property=\"og:site_name\" content=\"Prof. Dr. H\u00fcseyin Sinan Metabolik Cerrahi &amp; Bariyatrik Cerrahi Blogu\" \/>\n<meta property=\"article:publisher\" content=\"https:\/\/www.facebook.com\/profdrhuseyinsinan\/\" \/>\n<meta property=\"article:published_time\" content=\"2021-09-22T20:22:29+00:00\" \/>\n<meta property=\"article:modified_time\" content=\"2021-09-22T20:25:33+00:00\" \/>\n<meta property=\"og:image\" content=\"https:\/\/www.huseyinsinan.com\/blog\/wp-content\/uploads\/2021\/09\/tekrar-kilo-alir-miyim.jpg\" \/>\n\t<meta property=\"og:image:width\" content=\"640\" \/>\n\t<meta property=\"og:image:height\" content=\"360\" \/>\n\t<meta property=\"og:image:type\" content=\"image\/jpeg\" \/>\n<meta name=\"author\" content=\"admin\" \/>\n<meta name=\"twitter:card\" content=\"summary_large_image\" \/>\n<meta name=\"twitter:title\" content=\"T\u00fcp Mide Ameliyat\u0131ndan Sonra Tekrar Kilo Al\u0131r M\u0131y\u0131m?\" \/>\n<meta name=\"twitter:image\" content=\"https:\/\/www.huseyinsinan.com\/blog\/wp-content\/uploads\/2021\/09\/tekrar-kilo-alir-miyim.jpg\" \/>\n<meta name=\"twitter:label1\" content=\"Yazan:\" \/>\n\t<meta name=\"twitter:data1\" content=\"admin\" \/>\n\t<meta name=\"twitter:label2\" content=\"Tahmini okuma s\u00fcresi\" \/>\n\t<meta name=\"twitter:data2\" content=\"2 dakika\" \/>\n<script type=\"application\/ld+json\" class=\"yoast-schema-graph\">{\"@context\":\"https:\/\/schema.org\",\"@graph\":[{\"@type\":\"Article\",\"@id\":\"https:\/\/www.huseyinsinan.com\/blog\/2021\/09\/22\/tup-mide-ameliyatindan-sonra-tekrar-kilo-alir-miyim\/#article\",\"isPartOf\":{\"@id\":\"https:\/\/www.huseyinsinan.com\/blog\/2021\/09\/22\/tup-mide-ameliyatindan-sonra-tekrar-kilo-alir-miyim\/\"},\"author\":{\"name\":\"admin\",\"@id\":\"https:\/\/www.huseyinsinan.com\/blog\/#\/schema\/person\/0a1a38a01f18aba7c309872ff6dc951d\"},\"headline\":\"T\u00fcp Mide Ameliyat\u0131ndan Sonra Tekrar Kilo Al\u0131r M\u0131y\u0131m?\",\"datePublished\":\"2021-09-22T20:22:29+00:00\",\"dateModified\":\"2021-09-22T20:25:33+00:00\",\"mainEntityOfPage\":{\"@id\":\"https:\/\/www.huseyinsinan.com\/blog\/2021\/09\/22\/tup-mide-ameliyatindan-sonra-tekrar-kilo-alir-miyim\/\"},\"wordCount\":535,\"commentCount\":0,\"publisher\":{\"@id\":\"https:\/\/www.huseyinsinan.com\/blog\/#organization\"},\"image\":{\"@id\":\"https:\/\/www.huseyinsinan.com\/blog\/2021\/09\/22\/tup-mide-ameliyatindan-sonra-tekrar-kilo-alir-miyim\/#primaryimage\"},\"thumbnailUrl\":\"https:\/\/www.huseyinsinan.com\/blog\/wp-content\/uploads\/2021\/09\/tekrar-kilo-alir-miyim.jpg\",\"keywords\":[\"huseyin sinan\",\"obezite\",\"t\u00fcp mide\",\"t\u00fcp mide ameliyat\u0131 sonras\u0131\",\"tup mide ameliyat\u0131 sonras\u0131\",\"t\u00fcp mide fiyat\u0131\"],\"articleSection\":{\"0\":\"Bariatrik Cerrahi\",\"1\":\"Beslenme ve Diyet\",\"3\":\"Metabolik Cerrahi\"},\"inLanguage\":\"tr\",\"potentialAction\":[{\"@type\":\"CommentAction\",\"name\":\"Comment\",\"target\":[\"https:\/\/www.huseyinsinan.com\/blog\/2021\/09\/22\/tup-mide-ameliyatindan-sonra-tekrar-kilo-alir-miyim\/#respond\"]}]},{\"@type\":\"WebPage\",\"@id\":\"https:\/\/www.huseyinsinan.com\/blog\/2021\/09\/22\/tup-mide-ameliyatindan-sonra-tekrar-kilo-alir-miyim\/\",\"url\":\"https:\/\/www.huseyinsinan.com\/blog\/2021\/09\/22\/tup-mide-ameliyatindan-sonra-tekrar-kilo-alir-miyim\/\",\"name\":\"T\u00fcp Mide Ameliyat\u0131ndan Sonra Tekrar Kilo Al\u0131r M\u0131y\u0131m?\",\"isPartOf\":{\"@id\":\"https:\/\/www.huseyinsinan.com\/blog\/#website\"},\"primaryImageOfPage\":{\"@id\":\"https:\/\/www.huseyinsinan.com\/blog\/2021\/09\/22\/tup-mide-ameliyatindan-sonra-tekrar-kilo-alir-miyim\/#primaryimage\"},\"image\":{\"@id\":\"https:\/\/www.huseyinsinan.com\/blog\/2021\/09\/22\/tup-mide-ameliyatindan-sonra-tekrar-kilo-alir-miyim\/#primaryimage\"},\"thumbnailUrl\":\"https:\/\/www.huseyinsinan.com\/blog\/wp-content\/uploads\/2021\/09\/tekrar-kilo-alir-miyim.jpg\",\"datePublished\":\"2021-09-22T20:22:29+00:00\",\"dateModified\":\"2021-09-22T20:25:33+00:00\",\"description\":\"T\u00fcp mide ameliyat\u0131 sonras\u0131 tekrar kilo al\u0131n\u0131r m\u0131\u201d sorusu yine bize \u00e7ok s\u0131kl\u0131kla sorulmaktad\u0131r. \u0130lk bir y\u0131ll\u0131k d\u00f6nemde hastalar\u0131m\u0131z...\",\"breadcrumb\":{\"@id\":\"https:\/\/www.huseyinsinan.com\/blog\/2021\/09\/22\/tup-mide-ameliyatindan-sonra-tekrar-kilo-alir-miyim\/#breadcrumb\"},\"inLanguage\":\"tr\",\"potentialAction\":[{\"@type\":\"ReadAction\",\"target\":[\"https:\/\/www.huseyinsinan.com\/blog\/2021\/09\/22\/tup-mide-ameliyatindan-sonra-tekrar-kilo-alir-miyim\/\"]}]},{\"@type\":\"ImageObject\",\"inLanguage\":\"tr\",\"@id\":\"https:\/\/www.huseyinsinan.com\/blog\/2021\/09\/22\/tup-mide-ameliyatindan-sonra-tekrar-kilo-alir-miyim\/#primaryimage\",\"url\":\"https:\/\/www.huseyinsinan.com\/blog\/wp-content\/uploads\/2021\/09\/tekrar-kilo-alir-miyim.jpg\",\"contentUrl\":\"https:\/\/www.huseyinsinan.com\/blog\/wp-content\/uploads\/2021\/09\/tekrar-kilo-alir-miyim.jpg\",\"width\":640,\"height\":360},{\"@type\":\"BreadcrumbList\",\"@id\":\"https:\/\/www.huseyinsinan.com\/blog\/2021\/09\/22\/tup-mide-ameliyatindan-sonra-tekrar-kilo-alir-miyim\/#breadcrumb\",\"itemListElement\":[{\"@type\":\"ListItem\",\"position\":1,\"name\":\"Anasayfa\",\"item\":\"https:\/\/www.huseyinsinan.com\/blog\/\"},{\"@type\":\"ListItem\",\"position\":2,\"name\":\"T\u00fcp Mide Ameliyat\u0131ndan Sonra Tekrar Kilo Al\u0131r M\u0131y\u0131m?\"}]},{\"@type\":\"WebSite\",\"@id\":\"https:\/\/www.huseyinsinan.com\/blog\/#website\",\"url\":\"https:\/\/www.huseyinsinan.com\/blog\/\",\"name\":\"Prof. Dr. H\u00fcseyin Sinan Metabolik Cerrahi &amp; Bariyatrik Cerrahi Blogu\",\"description\":\"\",\"publisher\":{\"@id\":\"https:\/\/www.huseyinsinan.com\/blog\/#organization\"},\"potentialAction\":[{\"@type\":\"SearchAction\",\"target\":{\"@type\":\"EntryPoint\",\"urlTemplate\":\"https:\/\/www.huseyinsinan.com\/blog\/?s={search_term_string}\"},\"query-input\":{\"@type\":\"PropertyValueSpecification\",\"valueRequired\":true,\"valueName\":\"search_term_string\"}}],\"inLanguage\":\"tr\"},{\"@type\":\"Organization\",\"@id\":\"https:\/\/www.huseyinsinan.com\/blog\/#organization\",\"name\":\"Prof. Dr. H\u00fcseyin Sinan Metabolik ve Bariyatrik Cerrahi\",\"url\":\"https:\/\/www.huseyinsinan.com\/blog\/\",\"logo\":{\"@type\":\"ImageObject\",\"inLanguage\":\"tr\",\"@id\":\"https:\/\/www.huseyinsinan.com\/blog\/#\/schema\/logo\/image\/\",\"url\":\"https:\/\/www.huseyinsinan.com\/blog\/wp-content\/uploads\/2021\/06\/Varlik-1logo.png\",\"contentUrl\":\"https:\/\/www.huseyinsinan.com\/blog\/wp-content\/uploads\/2021\/06\/Varlik-1logo.png\",\"width\":782,\"height\":121,\"caption\":\"Prof. Dr. H\u00fcseyin Sinan Metabolik ve Bariyatrik Cerrahi\"},\"image\":{\"@id\":\"https:\/\/www.huseyinsinan.com\/blog\/#\/schema\/logo\/image\/\"},\"sameAs\":[\"https:\/\/www.facebook.com\/profdrhuseyinsinan\/\",\"https:\/\/www.instagram.com\/profdrhuseyinsinan\/\"]},{\"@type\":\"Person\",\"@id\":\"https:\/\/www.huseyinsinan.com\/blog\/#\/schema\/person\/0a1a38a01f18aba7c309872ff6dc951d\",\"name\":\"admin\",\"image\":{\"@type\":\"ImageObject\",\"inLanguage\":\"tr\",\"@id\":\"https:\/\/www.huseyinsinan.com\/blog\/#\/schema\/person\/image\/\",\"url\":\"https:\/\/secure.gravatar.com\/avatar\/84717d4a2ef2301d88f33e9f8ee1c8d4841d1cf26938e549a2b0b7a21d159900?s=96&d=mm&r=g\",\"contentUrl\":\"https:\/\/secure.gravatar.com\/avatar\/84717d4a2ef2301d88f33e9f8ee1c8d4841d1cf26938e549a2b0b7a21d159900?s=96&d=mm&r=g\",\"caption\":\"admin\"},\"sameAs\":[\"https:\/\/www.huseyinsinan.com\/blog\"]}]}<\/script>\n<!-- \/ Yoast SEO plugin. -->","yoast_head_json":{"title":"T\u00fcp Mide Ameliyat\u0131ndan Sonra Tekrar Kilo Al\u0131r M\u0131y\u0131m?","description":"T\u00fcp mide ameliyat\u0131 sonras\u0131 tekrar kilo al\u0131n\u0131r m\u0131\u201d sorusu yine bize \u00e7ok s\u0131kl\u0131kla sorulmaktad\u0131r. \u0130lk bir y\u0131ll\u0131k d\u00f6nemde hastalar\u0131m\u0131z...","robots":{"index":"index","follow":"follow","max-snippet":"max-snippet:-1","max-image-preview":"max-image-preview:large","max-video-preview":"max-video-preview:-1"},"canonical":"https:\/\/www.huseyinsinan.com\/blog\/2021\/09\/22\/tup-mide-ameliyatindan-sonra-tekrar-kilo-alir-miyim\/","og_locale":"tr_TR","og_type":"article","og_title":"T\u00fcp Mide Ameliyat\u0131ndan Sonra Tekrar Kilo Al\u0131r M\u0131y\u0131m?","og_description":"Bu t\u00fcp sayesinde hem midenin i\u00e7ini bo\u015falt\u0131r\u0131z, hem de onun kenar\u0131ndan mideyi kesme i\u015flemini ba\u015flat\u0131r\u0131z. Yakla\u015f\u0131k midenin 2\/3\u2019\u00fcn\u00fc al\u0131r\u0131z...","og_url":"https:\/\/www.huseyinsinan.com\/blog\/2021\/09\/22\/tup-mide-ameliyatindan-sonra-tekrar-kilo-alir-miyim\/","og_site_name":"Prof. Dr. H\u00fcseyin Sinan Metabolik Cerrahi &amp; Bariyatrik Cerrahi Blogu","article_publisher":"https:\/\/www.facebook.com\/profdrhuseyinsinan\/","article_published_time":"2021-09-22T20:22:29+00:00","article_modified_time":"2021-09-22T20:25:33+00:00","og_image":[{"width":640,"height":360,"url":"https:\/\/www.huseyinsinan.com\/blog\/wp-content\/uploads\/2021\/09\/tekrar-kilo-alir-miyim.jpg","type":"image\/jpeg"}],"author":"admin","twitter_card":"summary_large_image","twitter_title":"T\u00fcp Mide Ameliyat\u0131ndan Sonra Tekrar Kilo Al\u0131r M\u0131y\u0131m?","twitter_image":"https:\/\/www.huseyinsinan.com\/blog\/wp-content\/uploads\/2021\/09\/tekrar-kilo-alir-miyim.jpg","twitter_misc":{"Yazan:":"admin","Tahmini okuma s\u00fcresi":"2 dakika"},"schema":{"@context":"https:\/\/schema.org","@graph":[{"@type":"Article","@id":"https:\/\/www.huseyinsinan.com\/blog\/2021\/09\/22\/tup-mide-ameliyatindan-sonra-tekrar-kilo-alir-miyim\/#article","isPartOf":{"@id":"https:\/\/www.huseyinsinan.com\/blog\/2021\/09\/22\/tup-mide-ameliyatindan-sonra-tekrar-kilo-alir-miyim\/"},"author":{"name":"admin","@id":"https:\/\/www.huseyinsinan.com\/blog\/#\/schema\/person\/0a1a38a01f18aba7c309872ff6dc951d"},"headline":"T\u00fcp Mide Ameliyat\u0131ndan Sonra Tekrar Kilo Al\u0131r M\u0131y\u0131m?","datePublished":"2021-09-22T20:22:29+00:00","dateModified":"2021-09-22T20:25:33+00:00","mainEntityOfPage":{"@id":"https:\/\/www.huseyinsinan.com\/blog\/2021\/09\/22\/tup-mide-ameliyatindan-sonra-tekrar-kilo-alir-miyim\/"},"wordCount":535,"commentCount":0,"publisher":{"@id":"https:\/\/www.huseyinsinan.com\/blog\/#organization"},"image":{"@id":"https:\/\/www.huseyinsinan.com\/blog\/2021\/09\/22\/tup-mide-ameliyatindan-sonra-tekrar-kilo-alir-miyim\/#primaryimage"},"thumbnailUrl":"https:\/\/www.huseyinsinan.com\/blog\/wp-content\/uploads\/2021\/09\/tekrar-kilo-alir-miyim.jpg","keywords":["huseyin sinan","obezite","t\u00fcp mide","t\u00fcp mide ameliyat\u0131 sonras\u0131","tup mide ameliyat\u0131 sonras\u0131","t\u00fcp mide fiyat\u0131"],"articleSection":{"0":"Bariatrik Cerrahi","1":"Beslenme ve Diyet","3":"Metabolik Cerrahi"},"inLanguage":"tr","potentialAction":[{"@type":"CommentAction","name":"Comment","target":["https:\/\/www.huseyinsinan.com\/blog\/2021\/09\/22\/tup-mide-ameliyatindan-sonra-tekrar-kilo-alir-miyim\/#respond"]}]},{"@type":"WebPage","@id":"https:\/\/www.huseyinsinan.com\/blog\/2021\/09\/22\/tup-mide-ameliyatindan-sonra-tekrar-kilo-alir-miyim\/","url":"https:\/\/www.huseyinsinan.com\/blog\/2021\/09\/22\/tup-mide-ameliyatindan-sonra-tekrar-kilo-alir-miyim\/","name":"T\u00fcp Mide Ameliyat\u0131ndan Sonra Tekrar Kilo Al\u0131r M\u0131y\u0131m?","isPartOf":{"@id":"https:\/\/www.huseyinsinan.com\/blog\/#website"},"primaryImageOfPage":{"@id":"https:\/\/www.huseyinsinan.com\/blog\/2021\/09\/22\/tup-mide-ameliyatindan-sonra-tekrar-kilo-alir-miyim\/#primaryimage"},"image":{"@id":"https:\/\/www.huseyinsinan.com\/blog\/2021\/09\/22\/tup-mide-ameliyatindan-sonra-tekrar-kilo-alir-miyim\/#primaryimage"},"thumbnailUrl":"https:\/\/www.huseyinsinan.com\/blog\/wp-content\/uploads\/2021\/09\/tekrar-kilo-alir-miyim.jpg","datePublished":"2021-09-22T20:22:29+00:00","dateModified":"2021-09-22T20:25:33+00:00","description":"T\u00fcp mide ameliyat\u0131 sonras\u0131 tekrar kilo al\u0131n\u0131r m\u0131\u201d sorusu yine bize \u00e7ok s\u0131kl\u0131kla sorulmaktad\u0131r. \u0130lk bir y\u0131ll\u0131k d\u00f6nemde hastalar\u0131m\u0131z...","breadcrumb":{"@id":"https:\/\/www.huseyinsinan.com\/blog\/2021\/09\/22\/tup-mide-ameliyatindan-sonra-tekrar-kilo-alir-miyim\/#breadcrumb"},"inLanguage":"tr","potentialAction":[{"@type":"ReadAction","target":["https:\/\/www.huseyinsinan.com\/blog\/2021\/09\/22\/tup-mide-ameliyatindan-sonra-tekrar-kilo-alir-miyim\/"]}]},{"@type":"ImageObject","inLanguage":"tr","@id":"https:\/\/www.huseyinsinan.com\/blog\/2021\/09\/22\/tup-mide-ameliyatindan-sonra-tekrar-kilo-alir-miyim\/#primaryimage","url":"https:\/\/www.huseyinsinan.com\/blog\/wp-content\/uploads\/2021\/09\/tekrar-kilo-alir-miyim.jpg","contentUrl":"https:\/\/www.huseyinsinan.com\/blog\/wp-content\/uploads\/2021\/09\/tekrar-kilo-alir-miyim.jpg","width":640,"height":360},{"@type":"BreadcrumbList","@id":"https:\/\/www.huseyinsinan.com\/blog\/2021\/09\/22\/tup-mide-ameliyatindan-sonra-tekrar-kilo-alir-miyim\/#breadcrumb","itemListElement":[{"@type":"ListItem","position":1,"name":"Anasayfa","item":"https:\/\/www.huseyinsinan.com\/blog\/"},{"@type":"ListItem","position":2,"name":"T\u00fcp Mide Ameliyat\u0131ndan Sonra Tekrar Kilo Al\u0131r M\u0131y\u0131m?"}]},{"@type":"WebSite","@id":"https:\/\/www.huseyinsinan.com\/blog\/#website","url":"https:\/\/www.huseyinsinan.com\/blog\/","name":"Prof. Dr. H\u00fcseyin Sinan Metabolik Cerrahi &amp; Bariyatrik Cerrahi Blogu","description":"","publisher":{"@id":"https:\/\/www.huseyinsinan.com\/blog\/#organization"},"potentialAction":[{"@type":"SearchAction","target":{"@type":"EntryPoint","urlTemplate":"https:\/\/www.huseyinsinan.com\/blog\/?s={search_term_string}"},"query-input":{"@type":"PropertyValueSpecification","valueRequired":true,"valueName":"search_term_string"}}],"inLanguage":"tr"},{"@type":"Organization","@id":"https:\/\/www.huseyinsinan.com\/blog\/#organization","name":"Prof. Dr. H\u00fcseyin Sinan Metabolik ve Bariyatrik Cerrahi","url":"https:\/\/www.huseyinsinan.com\/blog\/","logo":{"@type":"ImageObject","inLanguage":"tr","@id":"https:\/\/www.huseyinsinan.com\/blog\/#\/schema\/logo\/image\/","url":"https:\/\/www.huseyinsinan.com\/blog\/wp-content\/uploads\/2021\/06\/Varlik-1logo.png","contentUrl":"https:\/\/www.huseyinsinan.com\/blog\/wp-content\/uploads\/2021\/06\/Varlik-1logo.png","width":782,"height":121,"caption":"Prof. Dr. H\u00fcseyin Sinan Metabolik ve Bariyatrik Cerrahi"},"image":{"@id":"https:\/\/www.huseyinsinan.com\/blog\/#\/schema\/logo\/image\/"},"sameAs":["https:\/\/www.facebook.com\/profdrhuseyinsinan\/","https:\/\/www.instagram.com\/profdrhuseyinsinan\/"]},{"@type":"Person","@id":"https:\/\/www.huseyinsinan.com\/blog\/#\/schema\/person\/0a1a38a01f18aba7c309872ff6dc951d","name":"admin","image":{"@type":"ImageObject","inLanguage":"tr","@id":"https:\/\/www.huseyinsinan.com\/blog\/#\/schema\/person\/image\/","url":"https:\/\/secure.gravatar.com\/avatar\/84717d4a2ef2301d88f33e9f8ee1c8d4841d1cf26938e549a2b0b7a21d159900?s=96&d=mm&r=g","contentUrl":"https:\/\/secure.gravatar.com\/avatar\/84717d4a2ef2301d88f33e9f8ee1c8d4841d1cf26938e549a2b0b7a21d159900?s=96&d=mm&r=g","caption":"admin"},"sameAs":["https:\/\/www.huseyinsinan.com\/blog"]}]}},"_links":{"self":[{"href":"https:\/\/www.huseyinsinan.com\/blog\/wp-json\/wp\/v2\/posts\/78","targetHints":{"allow":["GET"]}}],"collection":[{"href":"https:\/\/www.huseyinsinan.com\/blog\/wp-json\/wp\/v2\/posts"}],"about":[{"href":"https:\/\/www.huseyinsinan.com\/blog\/wp-json\/wp\/v2\/types\/post"}],"author":[{"embeddable":true,"href":"https:\/\/www.huseyinsinan.com\/blog\/wp-json\/wp\/v2\/users\/1"}],"replies":[{"embeddable":true,"href":"https:\/\/www.huseyinsinan.com\/blog\/wp-json\/wp\/v2\/comments?post=78"}],"version-history":[{"count":2,"href":"https:\/\/www.huseyinsinan.com\/blog\/wp-json\/wp\/v2\/posts\/78\/revisions"}],"predecessor-version":[{"id":81,"href":"https:\/\/www.huseyinsinan.com\/blog\/wp-json\/wp\/v2\/posts\/78\/revisions\/81"}],"wp:featuredmedia":[{"embeddable":true,"href":"https:\/\/www.huseyinsinan.com\/blog\/wp-json\/wp\/v2\/media\/79"}],"wp:attachment":[{"href":"https:\/\/www.huseyinsinan.com\/blog\/wp-json\/wp\/v2\/media?parent=78"}],"wp:term":[{"taxonomy":"category","embeddable":true,"href":"https:\/\/www.huseyinsinan.com\/blog\/wp-json\/wp\/v2\/categories?post=78"},{"taxonomy":"post_tag","embeddable":true,"href":"https:\/\/www.huseyinsinan.com\/blog\/wp-json\/wp\/v2\/tags?post=78"}],"curies":[{"name":"wp","href":"https:\/\/api.w.org\/{rel}","templated":true}]}}